{"id":6884,"date":"2020-02-17T08:19:16","date_gmt":"2020-02-17T07:19:16","guid":{"rendered":"https:\/\/bonifratrzy.pl\/dps-cieszyn\/?p=6884"},"modified":"2020-02-28T13:01:00","modified_gmt":"2020-02-28T12:01:00","slug":"wyjscie-do-kina-3","status":"publish","type":"post","link":"https:\/\/bonifratrzy.pl\/dps-cieszyn\/2020\/02\/17\/wyjscie-do-kina-3\/","title":{"rendered":"Wyj\u015bcie do kina"},"content":{"rendered":"<p style=\"text-align: justify\">Na specjalne \u017cyczenie mieszka\u0144c\u00f3w Domu Pomocy Spo\u0142ecznej Konwentu Bonifratr\u00f3w w Cieszynie w dniu 14 lutego zorganizowano wsp\u00f3lne wyj\u015bcie do kina na premierowy pokaz filmu &#8222;Zenek&#8221; opowiadaj\u0105cego\u00a0 o kr\u00f3lu disco polo Zenku Martyniuku.<\/p>\n<p>&nbsp;<\/p>\n<p>&nbsp;<\/p>\n<p>&nbsp;<\/p>\n","protected":false},"excerpt":{"rendered":"<p>Na specjalne \u017cyczenie mieszka\u0144c\u00f3w Domu Pomocy Spo\u0142ecznej Konwentu Bonifratr\u00f3w w Cieszynie w dniu 14 lutego zorganizowano wsp\u00f3lne wyj\u015bcie do kina na premierowy pokaz filmu &#8222;Zenek&#8221; opowiadaj\u0105cego\u00a0 o kr\u00f3lu disco polo Zenku Martyniuku. &nbsp; &nbsp; &nbsp;<\/p>\n","protected":false},"author":20,"featured_media":6885,"comment_status":"open","ping_status":"open","sticky":false,"template":"","format":"standard","meta":{"footnotes":""},"categories":[1],"tags":[],"_links":{"self":[{"href":"https:\/\/bonifratrzy.pl\/dps-cieszyn\/wp-json\/wp\/v2\/posts\/6884"}],"collection":[{"href":"https:\/\/bonifratrzy.pl\/dps-cieszyn\/wp-json\/wp\/v2\/posts"}],"about":[{"href":"https:\/\/bonifratrzy.pl\/dps-cieszyn\/wp-json\/wp\/v2\/types\/post"}],"author":[{"embeddable":true,"href":"https:\/\/bonifratrzy.pl\/dps-cieszyn\/wp-json\/wp\/v2\/users\/20"}],"replies":[{"embeddable":true,"href":"https:\/\/bonifratrzy.pl\/dps-cieszyn\/wp-json\/wp\/v2\/comments?post=6884"}],"version-history":[{"count":2,"href":"https:\/\/bonifratrzy.pl\/dps-cieszyn\/wp-json\/wp\/v2\/posts\/6884\/revisions"}],"predecessor-version":[{"id":6887,"href":"https:\/\/bonifratrzy.pl\/dps-cieszyn\/wp-json\/wp\/v2\/posts\/6884\/revisions\/6887"}],"wp:featuredmedia":[{"embeddable":true,"href":"https:\/\/bonifratrzy.pl\/dps-cieszyn\/wp-json\/wp\/v2\/media\/6885"}],"wp:attachment":[{"href":"https:\/\/bonifratrzy.pl\/dps-cieszyn\/wp-json\/wp\/v2\/media?parent=6884"}],"wp:term":[{"taxonomy":"category","embeddable":true,"href":"https:\/\/bonifratrzy.pl\/dps-cieszyn\/wp-json\/wp\/v2\/categories?post=6884"},{"taxonomy":"post_tag","embeddable":true,"href":"https:\/\/bonifratrzy.pl\/dps-cieszyn\/wp-json\/wp\/v2\/tags?post=6884"}],"curies":[{"name":"wp","href":"https:\/\/api.w.org\/{rel}","templated":true}]}}