{"id":6868,"date":"2020-01-28T10:25:18","date_gmt":"2020-01-28T09:25:18","guid":{"rendered":"https:\/\/bonifratrzy.pl\/dps-cieszyn\/?p=6868"},"modified":"2020-01-28T11:34:03","modified_gmt":"2020-01-28T10:34:03","slug":"ff","status":"publish","type":"post","link":"https:\/\/bonifratrzy.pl\/dps-cieszyn\/2020\/01\/28\/ff\/","title":{"rendered":"Wyj\u015bcie do kina"},"content":{"rendered":"<p style=\"text-align: justify\">W dniu 24 stycznia 2020r. grupa mieszka\u0144c\u00f3w Domu Pomocy Spo\u0142ecznej Konwentu Bonifratr\u00f3w w Cieszynie wybra\u0142a si\u0119 do kina na projekcj\u0119 filmu animowanego pt. &#8222;Misiek i chi\u0144ski skarb&#8221;.<\/p>\n","protected":false},"excerpt":{"rendered":"<p>W dniu 24 stycznia 2020r. grupa mieszka\u0144c\u00f3w Domu Pomocy Spo\u0142ecznej Konwentu Bonifratr\u00f3w w Cieszynie wybra\u0142a si\u0119 do kina na projekcj\u0119 filmu animowanego pt. &#8222;Misiek i chi\u0144ski skarb&#8221;.<\/p>\n","protected":false},"author":20,"featured_media":6867,"comment_status":"open","ping_status":"open","sticky":false,"template":"","format":"standard","meta":{"footnotes":""},"categories":[1],"tags":[],"_links":{"self":[{"href":"https:\/\/bonifratrzy.pl\/dps-cieszyn\/wp-json\/wp\/v2\/posts\/6868"}],"collection":[{"href":"https:\/\/bonifratrzy.pl\/dps-cieszyn\/wp-json\/wp\/v2\/posts"}],"about":[{"href":"https:\/\/bonifratrzy.pl\/dps-cieszyn\/wp-json\/wp\/v2\/types\/post"}],"author":[{"embeddable":true,"href":"https:\/\/bonifratrzy.pl\/dps-cieszyn\/wp-json\/wp\/v2\/users\/20"}],"replies":[{"embeddable":true,"href":"https:\/\/bonifratrzy.pl\/dps-cieszyn\/wp-json\/wp\/v2\/comments?post=6868"}],"version-history":[{"count":3,"href":"https:\/\/bonifratrzy.pl\/dps-cieszyn\/wp-json\/wp\/v2\/posts\/6868\/revisions"}],"predecessor-version":[{"id":6871,"href":"https:\/\/bonifratrzy.pl\/dps-cieszyn\/wp-json\/wp\/v2\/posts\/6868\/revisions\/6871"}],"wp:featuredmedia":[{"embeddable":true,"href":"https:\/\/bonifratrzy.pl\/dps-cieszyn\/wp-json\/wp\/v2\/media\/6867"}],"wp:attachment":[{"href":"https:\/\/bonifratrzy.pl\/dps-cieszyn\/wp-json\/wp\/v2\/media?parent=6868"}],"wp:term":[{"taxonomy":"category","embeddable":true,"href":"https:\/\/bonifratrzy.pl\/dps-cieszyn\/wp-json\/wp\/v2\/categories?post=6868"},{"taxonomy":"post_tag","embeddable":true,"href":"https:\/\/bonifratrzy.pl\/dps-cieszyn\/wp-json\/wp\/v2\/tags?post=6868"}],"curies":[{"name":"wp","href":"https:\/\/api.w.org\/{rel}","templated":true}]}}