{"id":11346,"date":"2025-11-14T14:48:08","date_gmt":"2025-11-14T13:48:08","guid":{"rendered":"https:\/\/bonifratrzy.pl\/dps-cieszyn\/?p=11346"},"modified":"2025-11-17T08:26:31","modified_gmt":"2025-11-17T07:26:31","slug":"swiateczne-drzewko-marzen","status":"publish","type":"post","link":"https:\/\/bonifratrzy.pl\/dps-cieszyn\/2025\/11\/14\/swiateczne-drzewko-marzen\/","title":{"rendered":"\u015awi\u0105teczne drzewko marze\u0144"},"content":{"rendered":"<p>Zapraszamy do udzia\u0142u w akcji organizowanej przez Fundacj\u0119 Rozwoju Przedsi\u0119biorczo\u015bci Spo\u0142ecznej By\u0107 Razem w Cieszynie. Spe\u0142niamy marzenia Pensjonariuszy naszego DPS. Listy napisane. Czekamy na odzew ludzi o dobrym sercu.\u00a0<\/p>\n<p><!--more--><\/p>\n\n\n<figure class=\"wp-block-gallery has-nested-images columns-default is-cropped wp-block-gallery-1 is-layout-flex wp-block-gallery-is-layout-flex\">\n<figure class=\"wp-block-image size-large\"><img loading=\"lazy\" decoding=\"async\" width=\"555\" height=\"785\" data-id=\"11349\" src=\"https:\/\/bonifratrzy.pl\/dps-cieszyn\/wp-content\/uploads\/sites\/25\/2025\/11\/Screenshot-2025-11-14-at-14-43-27-20251114131406306.pdf.png\" alt=\"\" class=\"wp-image-11349\" srcset=\"https:\/\/bonifratrzy.pl\/dps-cieszyn\/wp-content\/uploads\/sites\/25\/2025\/11\/Screenshot-2025-11-14-at-14-43-27-20251114131406306.pdf.png 555w, https:\/\/bonifratrzy.pl\/dps-cieszyn\/wp-content\/uploads\/sites\/25\/2025\/11\/Screenshot-2025-11-14-at-14-43-27-20251114131406306.pdf-212x300.png 212w\" sizes=\"(max-width: 555px) 100vw, 555px\" \/><\/figure>\n<\/figure>\n\n\n<p><a href=\"https:\/\/www.facebook.com\/OtwartaCieszyn\">https:\/\/www.facebook.com\/OtwartaCieszyn<\/a><\/p>","protected":false},"excerpt":{"rendered":"<p>Zapraszamy do udzia\u0142u w akcji organizowanej przez Fundacj\u0119 Rozwoju Przedsi\u0119biorczo\u015bci Spo\u0142ecznej By\u0107 Razem w Cieszynie. Spe\u0142niamy marzenia Pensjonariuszy naszego DPS. Listy napisane. Czekamy na odzew ludzi o dobrym sercu.\u00a0<\/p>\n","protected":false},"author":20,"featured_media":10914,"comment_status":"open","ping_status":"open","sticky":false,"template":"","format":"standard","meta":{"footnotes":""},"categories":[1],"tags":[],"_links":{"self":[{"href":"https:\/\/bonifratrzy.pl\/dps-cieszyn\/wp-json\/wp\/v2\/posts\/11346"}],"collection":[{"href":"https:\/\/bonifratrzy.pl\/dps-cieszyn\/wp-json\/wp\/v2\/posts"}],"about":[{"href":"https:\/\/bonifratrzy.pl\/dps-cieszyn\/wp-json\/wp\/v2\/types\/post"}],"author":[{"embeddable":true,"href":"https:\/\/bonifratrzy.pl\/dps-cieszyn\/wp-json\/wp\/v2\/users\/20"}],"replies":[{"embeddable":true,"href":"https:\/\/bonifratrzy.pl\/dps-cieszyn\/wp-json\/wp\/v2\/comments?post=11346"}],"version-history":[{"count":4,"href":"https:\/\/bonifratrzy.pl\/dps-cieszyn\/wp-json\/wp\/v2\/posts\/11346\/revisions"}],"predecessor-version":[{"id":11351,"href":"https:\/\/bonifratrzy.pl\/dps-cieszyn\/wp-json\/wp\/v2\/posts\/11346\/revisions\/11351"}],"wp:featuredmedia":[{"embeddable":true,"href":"https:\/\/bonifratrzy.pl\/dps-cieszyn\/wp-json\/wp\/v2\/media\/10914"}],"wp:attachment":[{"href":"https:\/\/bonifratrzy.pl\/dps-cieszyn\/wp-json\/wp\/v2\/media?parent=11346"}],"wp:term":[{"taxonomy":"category","embeddable":true,"href":"https:\/\/bonifratrzy.pl\/dps-cieszyn\/wp-json\/wp\/v2\/categories?post=11346"},{"taxonomy":"post_tag","embeddable":true,"href":"https:\/\/bonifratrzy.pl\/dps-cieszyn\/wp-json\/wp\/v2\/tags?post=11346"}],"curies":[{"name":"wp","href":"https:\/\/api.w.org\/{rel}","templated":true}]}}